{"id":1285,"date":"2022-02-28T10:28:04","date_gmt":"2022-02-28T10:28:04","guid":{"rendered":"https:\/\/marcosabad.com\/2022\/02\/28\/el-futbol-bielsa-y-el-leeds-united\/"},"modified":"2025-06-30T17:03:26","modified_gmt":"2025-06-30T17:03:26","slug":"el-futbol-bielsa-y-el-leeds-united","status":"publish","type":"post","link":"https:\/\/marcosabad.com\/en\/el-futbol-bielsa-y-el-leeds-united\/","title":{"rendered":"Football, Bielsa and Leeds United!"},"content":{"rendered":"<p>You came to change the course of a club, transform years without joy for a fan base as loyal as Leeds United. But the football that you managed to implant leaves much more than all that in your march. Bielsa, leaves a legacy of pride towards the whites of Yorkshire, a feeling of belonging in the new generations and a culture of work and effort in all of us who participate in your stay at Thorp Arch. Something that will undoubtedly mark our lives personally and professionally.<\/p>\n<p>As for me, as I told you, thank you for everything, for the respect and for making me a better professional.<br \/>\n170 games have gone a long way, they have been about 4 very intense years and squeezed day by day, in the only way that you understand life, by and for football.<\/p>\n<p>Sin duda, las palabras f\u00fatbol, Bielsa y Leeds United nos quedar\u00e1n grabadas a todos para siempre.<\/p>","protected":false},"excerpt":{"rendered":"<p>Llegaste para cambiar el rumbo de un club, transformar a\u00f1os sin alegr\u00edas de toda una afici\u00f3n tan fiel como la del Leeds United. Pero el f\u00fatbol que lograste implantar deja en tu marcha mucho m\u00e1s que todo eso. Bielsa, deja un legado de orgullo hacia los blancos de Yorkshire, un sentimiento de pertenencia en las [&hellip;]<\/p>","protected":false},"author":4,"featured_media":1232,"comment_status":"closed","ping_status":"closed","sticky":false,"template":"","format":"standard","meta":{"footnotes":""},"categories":[6],"tags":[],"class_list":["post-1285","post","type-post","status-publish","format-standard","has-post-thumbnail","hentry","category-noticias","entry","has-media"],"yoast_head":"<!-- This site is optimized with the Yoast SEO plugin v26.8 - https:\/\/yoast.com\/product\/yoast-seo-wordpress\/ -->\n<title>El F\u00fatbol, Bielsa y el Leeds United! - Marcos Abad Entrenador de Porteros<\/title>\n<meta name=\"robots\" content=\"index, follow, max-snippet:-1, max-image-preview:large, max-video-preview:-1\" \/>\n<link rel=\"canonical\" href=\"https:\/\/marcosabad.com\/en\/el-futbol-bielsa-y-el-leeds-united\/\" \/>\n<meta property=\"og:locale\" content=\"en_GB\" \/>\n<meta property=\"og:type\" content=\"article\" \/>\n<meta property=\"og:title\" content=\"El F\u00fatbol, Bielsa y el Leeds United! - Marcos Abad Entrenador de Porteros\" \/>\n<meta property=\"og:description\" content=\"Llegaste para cambiar el rumbo de un club, transformar a\u00f1os sin alegr\u00edas de toda una afici\u00f3n tan fiel como la del Leeds United. Pero el f\u00fatbol que lograste implantar deja en tu marcha mucho m\u00e1s que todo eso. Bielsa, deja un legado de orgullo hacia los blancos de Yorkshire, un sentimiento de pertenencia en las [&hellip;]\" \/>\n<meta property=\"og:url\" content=\"https:\/\/marcosabad.com\/en\/el-futbol-bielsa-y-el-leeds-united\/\" \/>\n<meta property=\"og:site_name\" content=\"Marcos Abad Entrenador de Porteros\" \/>\n<meta property=\"article:published_time\" content=\"2022-02-28T10:28:04+00:00\" \/>\n<meta property=\"article:modified_time\" content=\"2025-06-30T17:03:26+00:00\" \/>\n<meta property=\"og:image\" content=\"https:\/\/marcosabad.com\/wp-content\/uploads\/2020\/07\/Marcos-Abad-Leeds-United-Staff-BIELSA-1.jpg\" \/>\n\t<meta property=\"og:image:width\" content=\"902\" \/>\n\t<meta property=\"og:image:height\" content=\"587\" \/>\n\t<meta property=\"og:image:type\" content=\"image\/jpeg\" \/>\n<meta name=\"author\" content=\"Marcos Abad\" \/>\n<meta name=\"twitter:card\" content=\"summary_large_image\" \/>\n<meta name=\"twitter:label1\" content=\"Written by\" \/>\n\t<meta name=\"twitter:data1\" content=\"Marcos Abad\" \/>\n\t<meta name=\"twitter:label2\" content=\"Estimated reading time\" \/>\n\t<meta name=\"twitter:data2\" content=\"1 minute\" \/>\n<script type=\"application\/ld+json\" class=\"yoast-schema-graph\">{\"@context\":\"https:\/\/schema.org\",\"@graph\":[{\"@type\":\"Article\",\"@id\":\"https:\/\/marcosabad.com\/el-futbol-bielsa-y-el-leeds-united\/#article\",\"isPartOf\":{\"@id\":\"https:\/\/marcosabad.com\/el-futbol-bielsa-y-el-leeds-united\/\"},\"author\":{\"name\":\"Marcos Abad\",\"@id\":\"https:\/\/marcosabad.com\/#\/schema\/person\/e74a482b3c248110680d846966e1bf5b\"},\"headline\":\"El F\u00fatbol, Bielsa y el Leeds United!\",\"datePublished\":\"2022-02-28T10:28:04+00:00\",\"dateModified\":\"2025-06-30T17:03:26+00:00\",\"mainEntityOfPage\":{\"@id\":\"https:\/\/marcosabad.com\/el-futbol-bielsa-y-el-leeds-united\/\"},\"wordCount\":174,\"publisher\":{\"@id\":\"https:\/\/marcosabad.com\/#organization\"},\"image\":{\"@id\":\"https:\/\/marcosabad.com\/el-futbol-bielsa-y-el-leeds-united\/#primaryimage\"},\"thumbnailUrl\":\"https:\/\/marcosabad.com\/wp-content\/uploads\/2020\/07\/Marcos-Abad-Leeds-United-Staff-BIELSA-1.jpg\",\"articleSection\":[\"Noticias\"],\"inLanguage\":\"en-GB\"},{\"@type\":\"WebPage\",\"@id\":\"https:\/\/marcosabad.com\/el-futbol-bielsa-y-el-leeds-united\/\",\"url\":\"https:\/\/marcosabad.com\/el-futbol-bielsa-y-el-leeds-united\/\",\"name\":\"El F\u00fatbol, Bielsa y el Leeds United! - Marcos Abad Entrenador de Porteros\",\"isPartOf\":{\"@id\":\"https:\/\/marcosabad.com\/#website\"},\"primaryImageOfPage\":{\"@id\":\"https:\/\/marcosabad.com\/el-futbol-bielsa-y-el-leeds-united\/#primaryimage\"},\"image\":{\"@id\":\"https:\/\/marcosabad.com\/el-futbol-bielsa-y-el-leeds-united\/#primaryimage\"},\"thumbnailUrl\":\"https:\/\/marcosabad.com\/wp-content\/uploads\/2020\/07\/Marcos-Abad-Leeds-United-Staff-BIELSA-1.jpg\",\"datePublished\":\"2022-02-28T10:28:04+00:00\",\"dateModified\":\"2025-06-30T17:03:26+00:00\",\"breadcrumb\":{\"@id\":\"https:\/\/marcosabad.com\/el-futbol-bielsa-y-el-leeds-united\/#breadcrumb\"},\"inLanguage\":\"en-GB\",\"potentialAction\":[{\"@type\":\"ReadAction\",\"target\":[\"https:\/\/marcosabad.com\/el-futbol-bielsa-y-el-leeds-united\/\"]}]},{\"@type\":\"ImageObject\",\"inLanguage\":\"en-GB\",\"@id\":\"https:\/\/marcosabad.com\/el-futbol-bielsa-y-el-leeds-united\/#primaryimage\",\"url\":\"https:\/\/marcosabad.com\/wp-content\/uploads\/2020\/07\/Marcos-Abad-Leeds-United-Staff-BIELSA-1.jpg\",\"contentUrl\":\"https:\/\/marcosabad.com\/wp-content\/uploads\/2020\/07\/Marcos-Abad-Leeds-United-Staff-BIELSA-1.jpg\",\"width\":902,\"height\":587},{\"@type\":\"BreadcrumbList\",\"@id\":\"https:\/\/marcosabad.com\/el-futbol-bielsa-y-el-leeds-united\/#breadcrumb\",\"itemListElement\":[{\"@type\":\"ListItem\",\"position\":1,\"name\":\"Portada\",\"item\":\"https:\/\/marcosabad.com\/\"},{\"@type\":\"ListItem\",\"position\":2,\"name\":\"El F\u00fatbol, Bielsa y el Leeds United!\"}]},{\"@type\":\"WebSite\",\"@id\":\"https:\/\/marcosabad.com\/#website\",\"url\":\"https:\/\/marcosabad.com\/\",\"name\":\"Marcos Abad Entrenador de Porteros\",\"description\":\"Marcos Abad Entrenador de Porteros\",\"publisher\":{\"@id\":\"https:\/\/marcosabad.com\/#organization\"},\"potentialAction\":[{\"@type\":\"SearchAction\",\"target\":{\"@type\":\"EntryPoint\",\"urlTemplate\":\"https:\/\/marcosabad.com\/?s={search_term_string}\"},\"query-input\":{\"@type\":\"PropertyValueSpecification\",\"valueRequired\":true,\"valueName\":\"search_term_string\"}}],\"inLanguage\":\"en-GB\"},{\"@type\":\"Organization\",\"@id\":\"https:\/\/marcosabad.com\/#organization\",\"name\":\"Marcos Abad Entrenador de Porteros\",\"url\":\"https:\/\/marcosabad.com\/\",\"logo\":{\"@type\":\"ImageObject\",\"inLanguage\":\"en-GB\",\"@id\":\"https:\/\/marcosabad.com\/#\/schema\/logo\/image\/\",\"url\":\"https:\/\/marcosabad.com\/wp-content\/uploads\/2024\/08\/Marcos-Abad-C2-300x284-1.png\",\"contentUrl\":\"https:\/\/marcosabad.com\/wp-content\/uploads\/2024\/08\/Marcos-Abad-C2-300x284-1.png\",\"width\":300,\"height\":284,\"caption\":\"Marcos Abad Entrenador de Porteros\"},\"image\":{\"@id\":\"https:\/\/marcosabad.com\/#\/schema\/logo\/image\/\"}},{\"@type\":\"Person\",\"@id\":\"https:\/\/marcosabad.com\/#\/schema\/person\/e74a482b3c248110680d846966e1bf5b\",\"name\":\"Marcos Abad\",\"image\":{\"@type\":\"ImageObject\",\"inLanguage\":\"en-GB\",\"@id\":\"https:\/\/marcosabad.com\/#\/schema\/person\/image\/\",\"url\":\"https:\/\/secure.gravatar.com\/avatar\/dcb921f9bc9b15df5e14d35f1684c273bdbb252d70f86af12305436f445d2a39?s=96&d=retro&r=g\",\"contentUrl\":\"https:\/\/secure.gravatar.com\/avatar\/dcb921f9bc9b15df5e14d35f1684c273bdbb252d70f86af12305436f445d2a39?s=96&d=retro&r=g\",\"caption\":\"Marcos Abad\"},\"url\":\"https:\/\/marcosabad.com\/en\/author\/marcosabad\/\"}]}<\/script>\n<!-- \/ Yoast SEO plugin. -->","yoast_head_json":{"title":"El F\u00fatbol, Bielsa y el Leeds United! - Marcos Abad Entrenador de Porteros","robots":{"index":"index","follow":"follow","max-snippet":"max-snippet:-1","max-image-preview":"max-image-preview:large","max-video-preview":"max-video-preview:-1"},"canonical":"https:\/\/marcosabad.com\/en\/el-futbol-bielsa-y-el-leeds-united\/","og_locale":"en_GB","og_type":"article","og_title":"El F\u00fatbol, Bielsa y el Leeds United! - Marcos Abad Entrenador de Porteros","og_description":"Llegaste para cambiar el rumbo de un club, transformar a\u00f1os sin alegr\u00edas de toda una afici\u00f3n tan fiel como la del Leeds United. Pero el f\u00fatbol que lograste implantar deja en tu marcha mucho m\u00e1s que todo eso. Bielsa, deja un legado de orgullo hacia los blancos de Yorkshire, un sentimiento de pertenencia en las [&hellip;]","og_url":"https:\/\/marcosabad.com\/en\/el-futbol-bielsa-y-el-leeds-united\/","og_site_name":"Marcos Abad Entrenador de Porteros","article_published_time":"2022-02-28T10:28:04+00:00","article_modified_time":"2025-06-30T17:03:26+00:00","og_image":[{"width":902,"height":587,"url":"https:\/\/marcosabad.com\/wp-content\/uploads\/2020\/07\/Marcos-Abad-Leeds-United-Staff-BIELSA-1.jpg","type":"image\/jpeg"}],"author":"Marcos Abad","twitter_card":"summary_large_image","twitter_misc":{"Written by":"Marcos Abad","Estimated reading time":"1 minute"},"schema":{"@context":"https:\/\/schema.org","@graph":[{"@type":"Article","@id":"https:\/\/marcosabad.com\/el-futbol-bielsa-y-el-leeds-united\/#article","isPartOf":{"@id":"https:\/\/marcosabad.com\/el-futbol-bielsa-y-el-leeds-united\/"},"author":{"name":"Marcos Abad","@id":"https:\/\/marcosabad.com\/#\/schema\/person\/e74a482b3c248110680d846966e1bf5b"},"headline":"El F\u00fatbol, Bielsa y el Leeds United!","datePublished":"2022-02-28T10:28:04+00:00","dateModified":"2025-06-30T17:03:26+00:00","mainEntityOfPage":{"@id":"https:\/\/marcosabad.com\/el-futbol-bielsa-y-el-leeds-united\/"},"wordCount":174,"publisher":{"@id":"https:\/\/marcosabad.com\/#organization"},"image":{"@id":"https:\/\/marcosabad.com\/el-futbol-bielsa-y-el-leeds-united\/#primaryimage"},"thumbnailUrl":"https:\/\/marcosabad.com\/wp-content\/uploads\/2020\/07\/Marcos-Abad-Leeds-United-Staff-BIELSA-1.jpg","articleSection":["Noticias"],"inLanguage":"en-GB"},{"@type":"WebPage","@id":"https:\/\/marcosabad.com\/el-futbol-bielsa-y-el-leeds-united\/","url":"https:\/\/marcosabad.com\/el-futbol-bielsa-y-el-leeds-united\/","name":"El F\u00fatbol, Bielsa y el Leeds United! - Marcos Abad Entrenador de Porteros","isPartOf":{"@id":"https:\/\/marcosabad.com\/#website"},"primaryImageOfPage":{"@id":"https:\/\/marcosabad.com\/el-futbol-bielsa-y-el-leeds-united\/#primaryimage"},"image":{"@id":"https:\/\/marcosabad.com\/el-futbol-bielsa-y-el-leeds-united\/#primaryimage"},"thumbnailUrl":"https:\/\/marcosabad.com\/wp-content\/uploads\/2020\/07\/Marcos-Abad-Leeds-United-Staff-BIELSA-1.jpg","datePublished":"2022-02-28T10:28:04+00:00","dateModified":"2025-06-30T17:03:26+00:00","breadcrumb":{"@id":"https:\/\/marcosabad.com\/el-futbol-bielsa-y-el-leeds-united\/#breadcrumb"},"inLanguage":"en-GB","potentialAction":[{"@type":"ReadAction","target":["https:\/\/marcosabad.com\/el-futbol-bielsa-y-el-leeds-united\/"]}]},{"@type":"ImageObject","inLanguage":"en-GB","@id":"https:\/\/marcosabad.com\/el-futbol-bielsa-y-el-leeds-united\/#primaryimage","url":"https:\/\/marcosabad.com\/wp-content\/uploads\/2020\/07\/Marcos-Abad-Leeds-United-Staff-BIELSA-1.jpg","contentUrl":"https:\/\/marcosabad.com\/wp-content\/uploads\/2020\/07\/Marcos-Abad-Leeds-United-Staff-BIELSA-1.jpg","width":902,"height":587},{"@type":"BreadcrumbList","@id":"https:\/\/marcosabad.com\/el-futbol-bielsa-y-el-leeds-united\/#breadcrumb","itemListElement":[{"@type":"ListItem","position":1,"name":"Portada","item":"https:\/\/marcosabad.com\/"},{"@type":"ListItem","position":2,"name":"El F\u00fatbol, Bielsa y el Leeds United!"}]},{"@type":"WebSite","@id":"https:\/\/marcosabad.com\/#website","url":"https:\/\/marcosabad.com\/","name":"Marcos Abad Entrenador de Porteros","description":"Marcos Abad Entrenador de Porteros","publisher":{"@id":"https:\/\/marcosabad.com\/#organization"},"potentialAction":[{"@type":"SearchAction","target":{"@type":"EntryPoint","urlTemplate":"https:\/\/marcosabad.com\/?s={search_term_string}"},"query-input":{"@type":"PropertyValueSpecification","valueRequired":true,"valueName":"search_term_string"}}],"inLanguage":"en-GB"},{"@type":"Organization","@id":"https:\/\/marcosabad.com\/#organization","name":"Marcos Abad Entrenador de Porteros","url":"https:\/\/marcosabad.com\/","logo":{"@type":"ImageObject","inLanguage":"en-GB","@id":"https:\/\/marcosabad.com\/#\/schema\/logo\/image\/","url":"https:\/\/marcosabad.com\/wp-content\/uploads\/2024\/08\/Marcos-Abad-C2-300x284-1.png","contentUrl":"https:\/\/marcosabad.com\/wp-content\/uploads\/2024\/08\/Marcos-Abad-C2-300x284-1.png","width":300,"height":284,"caption":"Marcos Abad Entrenador de Porteros"},"image":{"@id":"https:\/\/marcosabad.com\/#\/schema\/logo\/image\/"}},{"@type":"Person","@id":"https:\/\/marcosabad.com\/#\/schema\/person\/e74a482b3c248110680d846966e1bf5b","name":"Marcos Abad","image":{"@type":"ImageObject","inLanguage":"en-GB","@id":"https:\/\/marcosabad.com\/#\/schema\/person\/image\/","url":"https:\/\/secure.gravatar.com\/avatar\/dcb921f9bc9b15df5e14d35f1684c273bdbb252d70f86af12305436f445d2a39?s=96&d=retro&r=g","contentUrl":"https:\/\/secure.gravatar.com\/avatar\/dcb921f9bc9b15df5e14d35f1684c273bdbb252d70f86af12305436f445d2a39?s=96&d=retro&r=g","caption":"Marcos Abad"},"url":"https:\/\/marcosabad.com\/en\/author\/marcosabad\/"}]}},"_links":{"self":[{"href":"https:\/\/marcosabad.com\/en\/wp-json\/wp\/v2\/posts\/1285","targetHints":{"allow":["GET"]}}],"collection":[{"href":"https:\/\/marcosabad.com\/en\/wp-json\/wp\/v2\/posts"}],"about":[{"href":"https:\/\/marcosabad.com\/en\/wp-json\/wp\/v2\/types\/post"}],"author":[{"embeddable":true,"href":"https:\/\/marcosabad.com\/en\/wp-json\/wp\/v2\/users\/4"}],"replies":[{"embeddable":true,"href":"https:\/\/marcosabad.com\/en\/wp-json\/wp\/v2\/comments?post=1285"}],"version-history":[{"count":0,"href":"https:\/\/marcosabad.com\/en\/wp-json\/wp\/v2\/posts\/1285\/revisions"}],"wp:featuredmedia":[{"embeddable":true,"href":"https:\/\/marcosabad.com\/en\/wp-json\/wp\/v2\/media\/1232"}],"wp:attachment":[{"href":"https:\/\/marcosabad.com\/en\/wp-json\/wp\/v2\/media?parent=1285"}],"wp:term":[{"taxonomy":"category","embeddable":true,"href":"https:\/\/marcosabad.com\/en\/wp-json\/wp\/v2\/categories?post=1285"},{"taxonomy":"post_tag","embeddable":true,"href":"https:\/\/marcosabad.com\/en\/wp-json\/wp\/v2\/tags?post=1285"}],"curies":[{"name":"wp","href":"https:\/\/api.w.org\/{rel}","templated":true}]}}