{"id":805,"date":"2014-07-31T14:28:15","date_gmt":"2014-07-31T14:28:15","guid":{"rendered":"https:\/\/marcosabad.com\/2014\/07\/31\/elchec-f-14-15-stage-en-campoamor-2\/"},"modified":"2025-06-30T17:03:31","modified_gmt":"2025-06-30T17:03:31","slug":"elchec-f-14-15-stage-en-campoamor-2","status":"publish","type":"post","link":"https:\/\/marcosabad.com\/en\/elchec-f-14-15-stage-en-campoamor-2\/","title":{"rendered":"\u00abLV Trofeu Festa d&#8217;Elx\u00bb"},"content":{"rendered":"<p style=\"text-align: justify;\"><span style=\"color: #414141;\">\u00a0The presentation before our fans in the LV edition of the Festa d'Elx Trophy ended with victory for our people. In the penalty shootout we managed to beat Villarreal and thus win the Lady of Elche trophy. A nice way to start the new course in our parish.\u00a0<\/span><\/p>\n<p style=\"text-align: justify;\">But resorting to clich\u00e9s, in the preseason any excessive conclusion is misleading. Our goal must be to continue preparing with the intensity and enthusiasm that we have been doing these weeks and reach the start of the league with maximum strength to face a tough, but exciting year at the same time.<\/p>\n<p style=\"text-align: justify;\">Furthermore, the anecdote of the evening was meeting up with former colleagues with whom we really enjoyed working together and who are also excellent people. Juan Carlos, Villarreal goalkeeper who was on our team, it is always a pleasure to welcome you to what was your home and we wish you the best in your career.<\/p>","protected":false},"excerpt":{"rendered":"<p>\u00a0La presentaci\u00f3n ante nuestra afici\u00f3n en la LV edici\u00f3n del Trofeo Festa d&#8217;Elx termin\u00f3 con la victoria para nuestra gente. En la tanda de penaltis logramos imponernos al Villarreal y conseguir de esta forma el trofeo de la Dama de Elche. Una bonita forma de iniciar el nuevo curso ante nuestra parroquia.\u00a0 Pero recurriendo a [&hellip;]<\/p>","protected":false},"author":4,"featured_media":806,"comment_status":"closed","ping_status":"closed","sticky":false,"template":"","format":"standard","meta":{"footnotes":""},"categories":[6],"tags":[],"class_list":["post-805","post","type-post","status-publish","format-standard","has-post-thumbnail","hentry","category-noticias","entry","has-media"],"yoast_head":"<!-- This site is optimized with the Yoast SEO plugin v26.8 - https:\/\/yoast.com\/product\/yoast-seo-wordpress\/ -->\n<title>&quot;LV Trofeu Festa d&#039;Elx&quot; - Marcos Abad Entrenador de Porteros<\/title>\n<meta name=\"robots\" content=\"index, follow, max-snippet:-1, max-image-preview:large, max-video-preview:-1\" \/>\n<link rel=\"canonical\" href=\"https:\/\/marcosabad.com\/en\/elchec-f-14-15-stage-en-campoamor-2\/\" \/>\n<meta property=\"og:locale\" content=\"en_GB\" \/>\n<meta property=\"og:type\" content=\"article\" \/>\n<meta property=\"og:title\" content=\"&quot;LV Trofeu Festa d&#039;Elx&quot; - Marcos Abad Entrenador de Porteros\" \/>\n<meta property=\"og:description\" content=\"\u00a0La presentaci\u00f3n ante nuestra afici\u00f3n en la LV edici\u00f3n del Trofeo Festa d&#8217;Elx termin\u00f3 con la victoria para nuestra gente. En la tanda de penaltis logramos imponernos al Villarreal y conseguir de esta forma el trofeo de la Dama de Elche. Una bonita forma de iniciar el nuevo curso ante nuestra parroquia.\u00a0 Pero recurriendo a [&hellip;]\" \/>\n<meta property=\"og:url\" content=\"https:\/\/marcosabad.com\/en\/elchec-f-14-15-stage-en-campoamor-2\/\" \/>\n<meta property=\"og:site_name\" content=\"Marcos Abad Entrenador de Porteros\" \/>\n<meta property=\"article:published_time\" content=\"2014-07-31T14:28:15+00:00\" \/>\n<meta property=\"article:modified_time\" content=\"2025-06-30T17:03:31+00:00\" \/>\n<meta property=\"og:image\" content=\"https:\/\/marcosabad.com\/wp-content\/uploads\/2014\/07\/Juan.Carlos-Marcos.Abad_-1024x768.jpg\" \/>\n\t<meta property=\"og:image:width\" content=\"1024\" \/>\n\t<meta property=\"og:image:height\" content=\"768\" \/>\n\t<meta property=\"og:image:type\" content=\"image\/jpeg\" \/>\n<meta name=\"author\" content=\"Marcos Abad\" \/>\n<meta name=\"twitter:card\" content=\"summary_large_image\" \/>\n<meta name=\"twitter:label1\" content=\"Written by\" \/>\n\t<meta name=\"twitter:data1\" content=\"Marcos Abad\" \/>\n\t<meta name=\"twitter:label2\" content=\"Estimated reading time\" \/>\n\t<meta name=\"twitter:data2\" content=\"1 minute\" \/>\n<script type=\"application\/ld+json\" class=\"yoast-schema-graph\">{\"@context\":\"https:\/\/schema.org\",\"@graph\":[{\"@type\":\"Article\",\"@id\":\"https:\/\/marcosabad.com\/elchec-f-14-15-stage-en-campoamor-2\/#article\",\"isPartOf\":{\"@id\":\"https:\/\/marcosabad.com\/elchec-f-14-15-stage-en-campoamor-2\/\"},\"author\":{\"name\":\"Marcos Abad\",\"@id\":\"https:\/\/marcosabad.com\/#\/schema\/person\/e74a482b3c248110680d846966e1bf5b\"},\"headline\":\"\u00abLV Trofeu Festa d&#8217;Elx\u00bb\",\"datePublished\":\"2014-07-31T14:28:15+00:00\",\"dateModified\":\"2025-06-30T17:03:31+00:00\",\"mainEntityOfPage\":{\"@id\":\"https:\/\/marcosabad.com\/elchec-f-14-15-stage-en-campoamor-2\/\"},\"wordCount\":173,\"publisher\":{\"@id\":\"https:\/\/marcosabad.com\/#organization\"},\"image\":{\"@id\":\"https:\/\/marcosabad.com\/elchec-f-14-15-stage-en-campoamor-2\/#primaryimage\"},\"thumbnailUrl\":\"https:\/\/marcosabad.com\/wp-content\/uploads\/2014\/07\/Juan.Carlos-Marcos.Abad_.jpg\",\"articleSection\":[\"Noticias\"],\"inLanguage\":\"en-GB\"},{\"@type\":\"WebPage\",\"@id\":\"https:\/\/marcosabad.com\/elchec-f-14-15-stage-en-campoamor-2\/\",\"url\":\"https:\/\/marcosabad.com\/elchec-f-14-15-stage-en-campoamor-2\/\",\"name\":\"\\\"LV Trofeu Festa d'Elx\\\" - Marcos Abad Entrenador de Porteros\",\"isPartOf\":{\"@id\":\"https:\/\/marcosabad.com\/#website\"},\"primaryImageOfPage\":{\"@id\":\"https:\/\/marcosabad.com\/elchec-f-14-15-stage-en-campoamor-2\/#primaryimage\"},\"image\":{\"@id\":\"https:\/\/marcosabad.com\/elchec-f-14-15-stage-en-campoamor-2\/#primaryimage\"},\"thumbnailUrl\":\"https:\/\/marcosabad.com\/wp-content\/uploads\/2014\/07\/Juan.Carlos-Marcos.Abad_.jpg\",\"datePublished\":\"2014-07-31T14:28:15+00:00\",\"dateModified\":\"2025-06-30T17:03:31+00:00\",\"breadcrumb\":{\"@id\":\"https:\/\/marcosabad.com\/elchec-f-14-15-stage-en-campoamor-2\/#breadcrumb\"},\"inLanguage\":\"en-GB\",\"potentialAction\":[{\"@type\":\"ReadAction\",\"target\":[\"https:\/\/marcosabad.com\/elchec-f-14-15-stage-en-campoamor-2\/\"]}]},{\"@type\":\"ImageObject\",\"inLanguage\":\"en-GB\",\"@id\":\"https:\/\/marcosabad.com\/elchec-f-14-15-stage-en-campoamor-2\/#primaryimage\",\"url\":\"https:\/\/marcosabad.com\/wp-content\/uploads\/2014\/07\/Juan.Carlos-Marcos.Abad_.jpg\",\"contentUrl\":\"https:\/\/marcosabad.com\/wp-content\/uploads\/2014\/07\/Juan.Carlos-Marcos.Abad_.jpg\",\"width\":2048,\"height\":1536,\"caption\":\"User comments\"},{\"@type\":\"BreadcrumbList\",\"@id\":\"https:\/\/marcosabad.com\/elchec-f-14-15-stage-en-campoamor-2\/#breadcrumb\",\"itemListElement\":[{\"@type\":\"ListItem\",\"position\":1,\"name\":\"Portada\",\"item\":\"https:\/\/marcosabad.com\/\"},{\"@type\":\"ListItem\",\"position\":2,\"name\":\"&#8220;LV Trofeu Festa d&#8217;Elx&#8221;\"}]},{\"@type\":\"WebSite\",\"@id\":\"https:\/\/marcosabad.com\/#website\",\"url\":\"https:\/\/marcosabad.com\/\",\"name\":\"Marcos Abad Entrenador de Porteros\",\"description\":\"Marcos Abad Entrenador de Porteros\",\"publisher\":{\"@id\":\"https:\/\/marcosabad.com\/#organization\"},\"potentialAction\":[{\"@type\":\"SearchAction\",\"target\":{\"@type\":\"EntryPoint\",\"urlTemplate\":\"https:\/\/marcosabad.com\/?s={search_term_string}\"},\"query-input\":{\"@type\":\"PropertyValueSpecification\",\"valueRequired\":true,\"valueName\":\"search_term_string\"}}],\"inLanguage\":\"en-GB\"},{\"@type\":\"Organization\",\"@id\":\"https:\/\/marcosabad.com\/#organization\",\"name\":\"Marcos Abad Entrenador de Porteros\",\"url\":\"https:\/\/marcosabad.com\/\",\"logo\":{\"@type\":\"ImageObject\",\"inLanguage\":\"en-GB\",\"@id\":\"https:\/\/marcosabad.com\/#\/schema\/logo\/image\/\",\"url\":\"https:\/\/marcosabad.com\/wp-content\/uploads\/2024\/08\/Marcos-Abad-C2-300x284-1.png\",\"contentUrl\":\"https:\/\/marcosabad.com\/wp-content\/uploads\/2024\/08\/Marcos-Abad-C2-300x284-1.png\",\"width\":300,\"height\":284,\"caption\":\"Marcos Abad Entrenador de Porteros\"},\"image\":{\"@id\":\"https:\/\/marcosabad.com\/#\/schema\/logo\/image\/\"}},{\"@type\":\"Person\",\"@id\":\"https:\/\/marcosabad.com\/#\/schema\/person\/e74a482b3c248110680d846966e1bf5b\",\"name\":\"Marcos Abad\",\"image\":{\"@type\":\"ImageObject\",\"inLanguage\":\"en-GB\",\"@id\":\"https:\/\/marcosabad.com\/#\/schema\/person\/image\/\",\"url\":\"https:\/\/secure.gravatar.com\/avatar\/dcb921f9bc9b15df5e14d35f1684c273bdbb252d70f86af12305436f445d2a39?s=96&d=retro&r=g\",\"contentUrl\":\"https:\/\/secure.gravatar.com\/avatar\/dcb921f9bc9b15df5e14d35f1684c273bdbb252d70f86af12305436f445d2a39?s=96&d=retro&r=g\",\"caption\":\"Marcos Abad\"},\"url\":\"https:\/\/marcosabad.com\/en\/author\/marcosabad\/\"}]}<\/script>\n<!-- \/ Yoast SEO plugin. -->","yoast_head_json":{"title":"\"LV Trofeu Festa d'Elx\" - Marcos Abad Entrenador de Porteros","robots":{"index":"index","follow":"follow","max-snippet":"max-snippet:-1","max-image-preview":"max-image-preview:large","max-video-preview":"max-video-preview:-1"},"canonical":"https:\/\/marcosabad.com\/en\/elchec-f-14-15-stage-en-campoamor-2\/","og_locale":"en_GB","og_type":"article","og_title":"\"LV Trofeu Festa d'Elx\" - Marcos Abad Entrenador de Porteros","og_description":"\u00a0La presentaci\u00f3n ante nuestra afici\u00f3n en la LV edici\u00f3n del Trofeo Festa d&#8217;Elx termin\u00f3 con la victoria para nuestra gente. En la tanda de penaltis logramos imponernos al Villarreal y conseguir de esta forma el trofeo de la Dama de Elche. Una bonita forma de iniciar el nuevo curso ante nuestra parroquia.\u00a0 Pero recurriendo a [&hellip;]","og_url":"https:\/\/marcosabad.com\/en\/elchec-f-14-15-stage-en-campoamor-2\/","og_site_name":"Marcos Abad Entrenador de Porteros","article_published_time":"2014-07-31T14:28:15+00:00","article_modified_time":"2025-06-30T17:03:31+00:00","og_image":[{"width":1024,"height":768,"url":"https:\/\/marcosabad.com\/wp-content\/uploads\/2014\/07\/Juan.Carlos-Marcos.Abad_-1024x768.jpg","type":"image\/jpeg"}],"author":"Marcos Abad","twitter_card":"summary_large_image","twitter_misc":{"Written by":"Marcos Abad","Estimated reading time":"1 minute"},"schema":{"@context":"https:\/\/schema.org","@graph":[{"@type":"Article","@id":"https:\/\/marcosabad.com\/elchec-f-14-15-stage-en-campoamor-2\/#article","isPartOf":{"@id":"https:\/\/marcosabad.com\/elchec-f-14-15-stage-en-campoamor-2\/"},"author":{"name":"Marcos Abad","@id":"https:\/\/marcosabad.com\/#\/schema\/person\/e74a482b3c248110680d846966e1bf5b"},"headline":"\u00abLV Trofeu Festa d&#8217;Elx\u00bb","datePublished":"2014-07-31T14:28:15+00:00","dateModified":"2025-06-30T17:03:31+00:00","mainEntityOfPage":{"@id":"https:\/\/marcosabad.com\/elchec-f-14-15-stage-en-campoamor-2\/"},"wordCount":173,"publisher":{"@id":"https:\/\/marcosabad.com\/#organization"},"image":{"@id":"https:\/\/marcosabad.com\/elchec-f-14-15-stage-en-campoamor-2\/#primaryimage"},"thumbnailUrl":"https:\/\/marcosabad.com\/wp-content\/uploads\/2014\/07\/Juan.Carlos-Marcos.Abad_.jpg","articleSection":["Noticias"],"inLanguage":"en-GB"},{"@type":"WebPage","@id":"https:\/\/marcosabad.com\/elchec-f-14-15-stage-en-campoamor-2\/","url":"https:\/\/marcosabad.com\/elchec-f-14-15-stage-en-campoamor-2\/","name":"\"LV Trofeu Festa d'Elx\" - Marcos Abad Entrenador de Porteros","isPartOf":{"@id":"https:\/\/marcosabad.com\/#website"},"primaryImageOfPage":{"@id":"https:\/\/marcosabad.com\/elchec-f-14-15-stage-en-campoamor-2\/#primaryimage"},"image":{"@id":"https:\/\/marcosabad.com\/elchec-f-14-15-stage-en-campoamor-2\/#primaryimage"},"thumbnailUrl":"https:\/\/marcosabad.com\/wp-content\/uploads\/2014\/07\/Juan.Carlos-Marcos.Abad_.jpg","datePublished":"2014-07-31T14:28:15+00:00","dateModified":"2025-06-30T17:03:31+00:00","breadcrumb":{"@id":"https:\/\/marcosabad.com\/elchec-f-14-15-stage-en-campoamor-2\/#breadcrumb"},"inLanguage":"en-GB","potentialAction":[{"@type":"ReadAction","target":["https:\/\/marcosabad.com\/elchec-f-14-15-stage-en-campoamor-2\/"]}]},{"@type":"ImageObject","inLanguage":"en-GB","@id":"https:\/\/marcosabad.com\/elchec-f-14-15-stage-en-campoamor-2\/#primaryimage","url":"https:\/\/marcosabad.com\/wp-content\/uploads\/2014\/07\/Juan.Carlos-Marcos.Abad_.jpg","contentUrl":"https:\/\/marcosabad.com\/wp-content\/uploads\/2014\/07\/Juan.Carlos-Marcos.Abad_.jpg","width":2048,"height":1536,"caption":"User comments"},{"@type":"BreadcrumbList","@id":"https:\/\/marcosabad.com\/elchec-f-14-15-stage-en-campoamor-2\/#breadcrumb","itemListElement":[{"@type":"ListItem","position":1,"name":"Portada","item":"https:\/\/marcosabad.com\/"},{"@type":"ListItem","position":2,"name":"&#8220;LV Trofeu Festa d&#8217;Elx&#8221;"}]},{"@type":"WebSite","@id":"https:\/\/marcosabad.com\/#website","url":"https:\/\/marcosabad.com\/","name":"Marcos Abad Entrenador de Porteros","description":"Marcos Abad Entrenador de Porteros","publisher":{"@id":"https:\/\/marcosabad.com\/#organization"},"potentialAction":[{"@type":"SearchAction","target":{"@type":"EntryPoint","urlTemplate":"https:\/\/marcosabad.com\/?s={search_term_string}"},"query-input":{"@type":"PropertyValueSpecification","valueRequired":true,"valueName":"search_term_string"}}],"inLanguage":"en-GB"},{"@type":"Organization","@id":"https:\/\/marcosabad.com\/#organization","name":"Marcos Abad Entrenador de Porteros","url":"https:\/\/marcosabad.com\/","logo":{"@type":"ImageObject","inLanguage":"en-GB","@id":"https:\/\/marcosabad.com\/#\/schema\/logo\/image\/","url":"https:\/\/marcosabad.com\/wp-content\/uploads\/2024\/08\/Marcos-Abad-C2-300x284-1.png","contentUrl":"https:\/\/marcosabad.com\/wp-content\/uploads\/2024\/08\/Marcos-Abad-C2-300x284-1.png","width":300,"height":284,"caption":"Marcos Abad Entrenador de Porteros"},"image":{"@id":"https:\/\/marcosabad.com\/#\/schema\/logo\/image\/"}},{"@type":"Person","@id":"https:\/\/marcosabad.com\/#\/schema\/person\/e74a482b3c248110680d846966e1bf5b","name":"Marcos Abad","image":{"@type":"ImageObject","inLanguage":"en-GB","@id":"https:\/\/marcosabad.com\/#\/schema\/person\/image\/","url":"https:\/\/secure.gravatar.com\/avatar\/dcb921f9bc9b15df5e14d35f1684c273bdbb252d70f86af12305436f445d2a39?s=96&d=retro&r=g","contentUrl":"https:\/\/secure.gravatar.com\/avatar\/dcb921f9bc9b15df5e14d35f1684c273bdbb252d70f86af12305436f445d2a39?s=96&d=retro&r=g","caption":"Marcos Abad"},"url":"https:\/\/marcosabad.com\/en\/author\/marcosabad\/"}]}},"_links":{"self":[{"href":"https:\/\/marcosabad.com\/en\/wp-json\/wp\/v2\/posts\/805","targetHints":{"allow":["GET"]}}],"collection":[{"href":"https:\/\/marcosabad.com\/en\/wp-json\/wp\/v2\/posts"}],"about":[{"href":"https:\/\/marcosabad.com\/en\/wp-json\/wp\/v2\/types\/post"}],"author":[{"embeddable":true,"href":"https:\/\/marcosabad.com\/en\/wp-json\/wp\/v2\/users\/4"}],"replies":[{"embeddable":true,"href":"https:\/\/marcosabad.com\/en\/wp-json\/wp\/v2\/comments?post=805"}],"version-history":[{"count":0,"href":"https:\/\/marcosabad.com\/en\/wp-json\/wp\/v2\/posts\/805\/revisions"}],"wp:featuredmedia":[{"embeddable":true,"href":"https:\/\/marcosabad.com\/en\/wp-json\/wp\/v2\/media\/806"}],"wp:attachment":[{"href":"https:\/\/marcosabad.com\/en\/wp-json\/wp\/v2\/media?parent=805"}],"wp:term":[{"taxonomy":"category","embeddable":true,"href":"https:\/\/marcosabad.com\/en\/wp-json\/wp\/v2\/categories?post=805"},{"taxonomy":"post_tag","embeddable":true,"href":"https:\/\/marcosabad.com\/en\/wp-json\/wp\/v2\/tags?post=805"}],"curies":[{"name":"wp","href":"https:\/\/api.w.org\/{rel}","templated":true}]}}